{"id":5871,"date":"2024-05-30T09:51:35","date_gmt":"2024-05-30T08:51:35","guid":{"rendered":"https:\/\/mb-maquinaria.com\/?p=5871"},"modified":"2024-05-30T10:06:24","modified_gmt":"2024-05-30T09:06:24","slug":"10th-anniversary-of-mb-a-journey-of-10-magnificent-years","status":"publish","type":"post","link":"https:\/\/mb-maquinaria.com\/fr\/10th-anniversary-of-mb-a-journey-of-10-magnificent-years\/","title":{"rendered":"10\u00e8me Anniversaire de MB : Une D\u00e9cennie Magnifique"},"content":{"rendered":"<p>Dans le monde comp\u00e9titif de la machinerie, atteindre une d\u00e9cennie d&rsquo;excellence est une \u00e9tape significative. MB c\u00e9l\u00e8bre son 10\u00e8me anniversaire, une d\u00e9cennie marqu\u00e9e par la qualit\u00e9, l&rsquo;innovation et la confiance. Dans cet article, nous explorons l&rsquo;\u00e9volution de MB, une marque qui a conquis le march\u00e9 gr\u00e2ce \u00e0 la vision et \u00e0 l&rsquo;engagement d&rsquo;\u00c1tica Redex.<\/p>\n<p><strong>La Naissance d&rsquo;une Id\u00e9e<\/strong><\/p>\n<p>Il y a dix ans, dans un \u00e9clair de cr\u00e9ativit\u00e9 et de vision, MB Forklift est n\u00e9e (r\u00e9cemment renomm\u00e9e MB Maquinaria, englobant une gamme plus large de secteurs et de produits). D\u00e8s ses d\u00e9buts, MB s&rsquo;est distingu\u00e9e comme une marque \u00ab en marque blanche \u00bb repr\u00e9sentant l&rsquo;excellence et l&rsquo;engagement. Avec le soutien d&rsquo;\u00c1tica Redex, une Centrale d&rsquo;Achats et de Services (CSS) sp\u00e9cialis\u00e9e dans la machinerie, MB a grandi pour devenir un symbole de qualit\u00e9 dans le secteur.<\/p>\n<p>Au cours de ces dix ann\u00e9es, MB a vendu plus de 6 500 unit\u00e9s. Chacune de ces unit\u00e9s repr\u00e9sente non seulement des produits de haute qualit\u00e9, mais aussi l&rsquo;effort et le d\u00e9vouement d&rsquo;une \u00e9quipe engag\u00e9e dans l&rsquo;excellence. Chaque machine vendue porte l&rsquo;h\u00e9ritage d&rsquo;une d\u00e9cennie d&rsquo;efforts et de d\u00e9passements.<\/p>\n<p><strong>Qualit\u00e9, Engagement et Innovation<\/strong><\/p>\n<p>L&rsquo;essence de MB r\u00e9side dans son engagement envers la qualit\u00e9, garantissant que les clients re\u00e7oivent le meilleur. Cet engagement in\u00e9branlable envers la qualit\u00e9 a \u00e9t\u00e9 essentiel pour gagner la confiance des clients et \u00e9tablir une solide r\u00e9putation dans l&rsquo;industrie.<\/p>\n<p>Tout au long de ces dix ans, MB n&rsquo;a cess\u00e9 d&rsquo;innover. La marque a continuellement introduit des am\u00e9liorations et de nouvelles technologies pour s&rsquo;assurer que ses produits non seulement r\u00e9pondent, mais d\u00e9passent les exigences du march\u00e9 moderne. Cette d\u00e9votion \u00e0 l&rsquo;innovation a permis \u00e0 MB de rester \u00e0 l&rsquo;avant-garde de l&rsquo;industrie.<\/p>\n<p><strong>Nouveaux March\u00e9s pour MB Maquinaria : MB Forklift, MB Platforms, MB Loaders et MB Excavators<\/strong><\/p>\n<p>MB segmente efficacement son march\u00e9 pour r\u00e9pondre aux besoins de ses associ\u00e9s, qui sont des distributeurs de machinerie. La segmentation est effectu\u00e9e en trois cat\u00e9gories principales :<\/p>\n<ol>\n<li><strong>Manutention :<\/strong> produits MB Forklift, y compris chariots \u00e9l\u00e9vateurs, gerbeurs et transpalettes.<\/li>\n<li><strong>Travaux Publics et Plates-formes :<\/strong> produits MB Platforms et MB Loaders, comme les plates-formes \u00e9l\u00e9vatrices et les mini-chargeuses.<\/li>\n<li><strong>Agricole :<\/strong> produits MB Excavators, y compris les mini-pelles et les fournitures agricoles.<\/li>\n<\/ol>\n<p><strong>Regard vers l&rsquo;Avenir<\/strong><\/p>\n<p>Alors que nous c\u00e9l\u00e9brons ces dix ann\u00e9es magnifiques, nous regardons vers l&rsquo;avenir avec optimisme et d\u00e9termination. MB et \u00c1tica Redex s&rsquo;engagent \u00e0 continuer de cro\u00eetre et de s&rsquo;am\u00e9liorer, toujours ax\u00e9s sur le maintien de la qualit\u00e9 et de la confiance qui les ont distingu\u00e9s d\u00e8s le premier jour. Avec de nouveaux objectifs et d\u00e9fis devant nous, le parcours de MB ne fait que commencer.<!--more--><\/p>\n<p>Si vous avez aim\u00e9 cet article et que vous souhaitez en savoir plus sur MB et \u00c1tica Redex, n&rsquo;h\u00e9sitez pas \u00e0 visiter notre site web. Partagez cet article sur vos r\u00e9seaux sociaux pour c\u00e9l\u00e9brer avec nous cette d\u00e9cennie de succ\u00e8s !<\/p>\n","protected":false},"excerpt":{"rendered":"<p>Dans le monde comp\u00e9titif de la machinerie, atteindre une d\u00e9cennie d&rsquo;excellence est une \u00e9tape significative. MB c\u00e9l\u00e8bre son 10\u00e8me anniversaire, une d\u00e9cennie marqu\u00e9e par la qualit\u00e9, l&rsquo;innovation et la confiance. Dans cet article, nous explorons l&rsquo;\u00e9volution de MB, une marque qui a conquis le march\u00e9 gr\u00e2ce \u00e0 la vision et \u00e0 l&rsquo;engagement d&rsquo;\u00c1tica Redex. La [&#8230;]\n","protected":false},"author":3,"featured_media":5861,"comment_status":"closed","ping_status":"open","sticky":false,"template":"","format":"standard","meta":{"footnotes":""},"categories":[321],"tags":[],"class_list":["post-5871","post","type-post","status-publish","format-standard","has-post-thumbnail","hentry","category-non-classifiee"],"yoast_head":"<!-- This site is optimized with the Yoast SEO plugin v27.2 - https:\/\/yoast.com\/product\/yoast-seo-wordpress\/ -->\n<title>10\u00e8me Anniversaire de MB : Une D\u00e9cennie Magnifique | MB Maquinaria<\/title>\n<meta name=\"robots\" content=\"index, follow, max-snippet:-1, max-image-preview:large, max-video-preview:-1\" \/>\n<link rel=\"canonical\" href=\"https:\/\/mb-maquinaria.com\/fr\/10th-anniversary-of-mb-a-journey-of-10-magnificent-years\/\" \/>\n<meta property=\"og:locale\" content=\"fr_FR\" \/>\n<meta property=\"og:type\" content=\"article\" \/>\n<meta property=\"og:title\" content=\"10\u00e8me Anniversaire de MB : Une D\u00e9cennie Magnifique | MB Maquinaria\" \/>\n<meta property=\"og:description\" content=\"Dans le monde comp\u00e9titif de la machinerie, atteindre une d\u00e9cennie d&rsquo;excellence est une \u00e9tape significative. MB c\u00e9l\u00e8bre son 10\u00e8me anniversaire, une d\u00e9cennie marqu\u00e9e par la qualit\u00e9, l&rsquo;innovation et la confiance. Dans cet article, nous explorons l&rsquo;\u00e9volution de MB, une marque qui a conquis le march\u00e9 gr\u00e2ce \u00e0 la vision et \u00e0 l&rsquo;engagement d&rsquo;\u00c1tica Redex. La [...]\" \/>\n<meta property=\"og:url\" content=\"https:\/\/mb-maquinaria.com\/fr\/10th-anniversary-of-mb-a-journey-of-10-magnificent-years\/\" \/>\n<meta property=\"og:site_name\" content=\"MB Maquinaria\" \/>\n<meta property=\"article:published_time\" content=\"2024-05-30T08:51:35+00:00\" \/>\n<meta property=\"article:modified_time\" content=\"2024-05-30T09:06:24+00:00\" \/>\n<meta property=\"og:image\" content=\"https:\/\/mb-maquinaria.com\/wp-content\/uploads\/2024\/05\/Banner-INTRANET-Aniversario.png\" \/>\n\t<meta property=\"og:image:width\" content=\"900\" \/>\n\t<meta property=\"og:image:height\" content=\"200\" \/>\n\t<meta property=\"og:image:type\" content=\"image\/png\" \/>\n<meta name=\"author\" content=\"MB Forklift\" \/>\n<meta name=\"twitter:card\" content=\"summary_large_image\" \/>\n<meta name=\"twitter:label1\" content=\"\u00c9crit par\" \/>\n\t<meta name=\"twitter:data1\" content=\"MB Forklift\" \/>\n\t<meta name=\"twitter:label2\" content=\"Dur\u00e9e de lecture estim\u00e9e\" \/>\n\t<meta name=\"twitter:data2\" content=\"3 minutes\" \/>\n<script type=\"application\/ld+json\" class=\"yoast-schema-graph\">{\"@context\":\"https:\/\/schema.org\",\"@graph\":[{\"@type\":\"Article\",\"@id\":\"https:\/\/mb-maquinaria.com\/fr\/10th-anniversary-of-mb-a-journey-of-10-magnificent-years\/#article\",\"isPartOf\":{\"@id\":\"https:\/\/mb-maquinaria.com\/fr\/10th-anniversary-of-mb-a-journey-of-10-magnificent-years\/\"},\"author\":{\"name\":\"MB Forklift\",\"@id\":\"https:\/\/mb-maquinaria.com\/fr\/#\/schema\/person\/2a7e1d03531cd6567602bb7011b02dee\"},\"headline\":\"10\u00e8me Anniversaire de MB : Une D\u00e9cennie Magnifique\",\"datePublished\":\"2024-05-30T08:51:35+00:00\",\"dateModified\":\"2024-05-30T09:06:24+00:00\",\"mainEntityOfPage\":{\"@id\":\"https:\/\/mb-maquinaria.com\/fr\/10th-anniversary-of-mb-a-journey-of-10-magnificent-years\/\"},\"wordCount\":549,\"image\":{\"@id\":\"https:\/\/mb-maquinaria.com\/fr\/10th-anniversary-of-mb-a-journey-of-10-magnificent-years\/#primaryimage\"},\"thumbnailUrl\":\"https:\/\/mb-maquinaria.com\/wp-content\/uploads\/2024\/05\/Banner-INTRANET-Aniversario.png\",\"articleSection\":[\"Non classifi\u00e9(e)\"],\"inLanguage\":\"fr-FR\"},{\"@type\":\"WebPage\",\"@id\":\"https:\/\/mb-maquinaria.com\/fr\/10th-anniversary-of-mb-a-journey-of-10-magnificent-years\/\",\"url\":\"https:\/\/mb-maquinaria.com\/fr\/10th-anniversary-of-mb-a-journey-of-10-magnificent-years\/\",\"name\":\"10\u00e8me Anniversaire de MB : Une D\u00e9cennie Magnifique | MB Maquinaria\",\"isPartOf\":{\"@id\":\"https:\/\/mb-maquinaria.com\/fr\/#website\"},\"primaryImageOfPage\":{\"@id\":\"https:\/\/mb-maquinaria.com\/fr\/10th-anniversary-of-mb-a-journey-of-10-magnificent-years\/#primaryimage\"},\"image\":{\"@id\":\"https:\/\/mb-maquinaria.com\/fr\/10th-anniversary-of-mb-a-journey-of-10-magnificent-years\/#primaryimage\"},\"thumbnailUrl\":\"https:\/\/mb-maquinaria.com\/wp-content\/uploads\/2024\/05\/Banner-INTRANET-Aniversario.png\",\"datePublished\":\"2024-05-30T08:51:35+00:00\",\"dateModified\":\"2024-05-30T09:06:24+00:00\",\"author\":{\"@id\":\"https:\/\/mb-maquinaria.com\/fr\/#\/schema\/person\/2a7e1d03531cd6567602bb7011b02dee\"},\"breadcrumb\":{\"@id\":\"https:\/\/mb-maquinaria.com\/fr\/10th-anniversary-of-mb-a-journey-of-10-magnificent-years\/#breadcrumb\"},\"inLanguage\":\"fr-FR\",\"potentialAction\":[{\"@type\":\"ReadAction\",\"target\":[\"https:\/\/mb-maquinaria.com\/fr\/10th-anniversary-of-mb-a-journey-of-10-magnificent-years\/\"]}]},{\"@type\":\"ImageObject\",\"inLanguage\":\"fr-FR\",\"@id\":\"https:\/\/mb-maquinaria.com\/fr\/10th-anniversary-of-mb-a-journey-of-10-magnificent-years\/#primaryimage\",\"url\":\"https:\/\/mb-maquinaria.com\/wp-content\/uploads\/2024\/05\/Banner-INTRANET-Aniversario.png\",\"contentUrl\":\"https:\/\/mb-maquinaria.com\/wp-content\/uploads\/2024\/05\/Banner-INTRANET-Aniversario.png\",\"width\":900,\"height\":200},{\"@type\":\"BreadcrumbList\",\"@id\":\"https:\/\/mb-maquinaria.com\/fr\/10th-anniversary-of-mb-a-journey-of-10-magnificent-years\/#breadcrumb\",\"itemListElement\":[{\"@type\":\"ListItem\",\"position\":1,\"name\":\"Portada\",\"item\":\"https:\/\/mb-maquinaria.com\/fr\/boceto-home\/\"},{\"@type\":\"ListItem\",\"position\":2,\"name\":\"10\u00e8me Anniversaire de MB : Une D\u00e9cennie Magnifique\"}]},{\"@type\":\"WebSite\",\"@id\":\"https:\/\/mb-maquinaria.com\/fr\/#website\",\"url\":\"https:\/\/mb-maquinaria.com\/fr\/\",\"name\":\"MB\",\"description\":\"Central de Compras y Servicios Europea especializada en maquinaria para el manejo de materiales.\",\"alternateName\":\"MB-Maquinaria\",\"potentialAction\":[{\"@type\":\"SearchAction\",\"target\":{\"@type\":\"EntryPoint\",\"urlTemplate\":\"https:\/\/mb-maquinaria.com\/fr\/?s={search_term_string}\"},\"query-input\":{\"@type\":\"PropertyValueSpecification\",\"valueRequired\":true,\"valueName\":\"search_term_string\"}}],\"inLanguage\":\"fr-FR\"},{\"@type\":\"Person\",\"@id\":\"https:\/\/mb-maquinaria.com\/fr\/#\/schema\/person\/2a7e1d03531cd6567602bb7011b02dee\",\"name\":\"MB Forklift\",\"image\":{\"@type\":\"ImageObject\",\"inLanguage\":\"fr-FR\",\"@id\":\"https:\/\/secure.gravatar.com\/avatar\/816c5c4820fae8f743e605bbcb4372e40b8df3b7da37411f843d72590e396fc2?s=96&d=mm&r=g\",\"url\":\"https:\/\/secure.gravatar.com\/avatar\/816c5c4820fae8f743e605bbcb4372e40b8df3b7da37411f843d72590e396fc2?s=96&d=mm&r=g\",\"contentUrl\":\"https:\/\/secure.gravatar.com\/avatar\/816c5c4820fae8f743e605bbcb4372e40b8df3b7da37411f843d72590e396fc2?s=96&d=mm&r=g\",\"caption\":\"MB Forklift\"},\"url\":\"https:\/\/mb-maquinaria.com\/fr\/author\/amaiadeesteban\/\"}]}<\/script>\n<!-- \/ Yoast SEO plugin. -->","yoast_head_json":{"title":"10\u00e8me Anniversaire de MB : Une D\u00e9cennie Magnifique | MB Maquinaria","robots":{"index":"index","follow":"follow","max-snippet":"max-snippet:-1","max-image-preview":"max-image-preview:large","max-video-preview":"max-video-preview:-1"},"canonical":"https:\/\/mb-maquinaria.com\/fr\/10th-anniversary-of-mb-a-journey-of-10-magnificent-years\/","og_locale":"fr_FR","og_type":"article","og_title":"10\u00e8me Anniversaire de MB : Une D\u00e9cennie Magnifique | MB Maquinaria","og_description":"Dans le monde comp\u00e9titif de la machinerie, atteindre une d\u00e9cennie d&rsquo;excellence est une \u00e9tape significative. MB c\u00e9l\u00e8bre son 10\u00e8me anniversaire, une d\u00e9cennie marqu\u00e9e par la qualit\u00e9, l&rsquo;innovation et la confiance. Dans cet article, nous explorons l&rsquo;\u00e9volution de MB, une marque qui a conquis le march\u00e9 gr\u00e2ce \u00e0 la vision et \u00e0 l&rsquo;engagement d&rsquo;\u00c1tica Redex. La [...]","og_url":"https:\/\/mb-maquinaria.com\/fr\/10th-anniversary-of-mb-a-journey-of-10-magnificent-years\/","og_site_name":"MB Maquinaria","article_published_time":"2024-05-30T08:51:35+00:00","article_modified_time":"2024-05-30T09:06:24+00:00","og_image":[{"width":900,"height":200,"url":"https:\/\/mb-maquinaria.com\/wp-content\/uploads\/2024\/05\/Banner-INTRANET-Aniversario.png","type":"image\/png"}],"author":"MB Forklift","twitter_card":"summary_large_image","twitter_misc":{"\u00c9crit par":"MB Forklift","Dur\u00e9e de lecture estim\u00e9e":"3 minutes"},"schema":{"@context":"https:\/\/schema.org","@graph":[{"@type":"Article","@id":"https:\/\/mb-maquinaria.com\/fr\/10th-anniversary-of-mb-a-journey-of-10-magnificent-years\/#article","isPartOf":{"@id":"https:\/\/mb-maquinaria.com\/fr\/10th-anniversary-of-mb-a-journey-of-10-magnificent-years\/"},"author":{"name":"MB Forklift","@id":"https:\/\/mb-maquinaria.com\/fr\/#\/schema\/person\/2a7e1d03531cd6567602bb7011b02dee"},"headline":"10\u00e8me Anniversaire de MB : Une D\u00e9cennie Magnifique","datePublished":"2024-05-30T08:51:35+00:00","dateModified":"2024-05-30T09:06:24+00:00","mainEntityOfPage":{"@id":"https:\/\/mb-maquinaria.com\/fr\/10th-anniversary-of-mb-a-journey-of-10-magnificent-years\/"},"wordCount":549,"image":{"@id":"https:\/\/mb-maquinaria.com\/fr\/10th-anniversary-of-mb-a-journey-of-10-magnificent-years\/#primaryimage"},"thumbnailUrl":"https:\/\/mb-maquinaria.com\/wp-content\/uploads\/2024\/05\/Banner-INTRANET-Aniversario.png","articleSection":["Non classifi\u00e9(e)"],"inLanguage":"fr-FR"},{"@type":"WebPage","@id":"https:\/\/mb-maquinaria.com\/fr\/10th-anniversary-of-mb-a-journey-of-10-magnificent-years\/","url":"https:\/\/mb-maquinaria.com\/fr\/10th-anniversary-of-mb-a-journey-of-10-magnificent-years\/","name":"10\u00e8me Anniversaire de MB : Une D\u00e9cennie Magnifique | MB Maquinaria","isPartOf":{"@id":"https:\/\/mb-maquinaria.com\/fr\/#website"},"primaryImageOfPage":{"@id":"https:\/\/mb-maquinaria.com\/fr\/10th-anniversary-of-mb-a-journey-of-10-magnificent-years\/#primaryimage"},"image":{"@id":"https:\/\/mb-maquinaria.com\/fr\/10th-anniversary-of-mb-a-journey-of-10-magnificent-years\/#primaryimage"},"thumbnailUrl":"https:\/\/mb-maquinaria.com\/wp-content\/uploads\/2024\/05\/Banner-INTRANET-Aniversario.png","datePublished":"2024-05-30T08:51:35+00:00","dateModified":"2024-05-30T09:06:24+00:00","author":{"@id":"https:\/\/mb-maquinaria.com\/fr\/#\/schema\/person\/2a7e1d03531cd6567602bb7011b02dee"},"breadcrumb":{"@id":"https:\/\/mb-maquinaria.com\/fr\/10th-anniversary-of-mb-a-journey-of-10-magnificent-years\/#breadcrumb"},"inLanguage":"fr-FR","potentialAction":[{"@type":"ReadAction","target":["https:\/\/mb-maquinaria.com\/fr\/10th-anniversary-of-mb-a-journey-of-10-magnificent-years\/"]}]},{"@type":"ImageObject","inLanguage":"fr-FR","@id":"https:\/\/mb-maquinaria.com\/fr\/10th-anniversary-of-mb-a-journey-of-10-magnificent-years\/#primaryimage","url":"https:\/\/mb-maquinaria.com\/wp-content\/uploads\/2024\/05\/Banner-INTRANET-Aniversario.png","contentUrl":"https:\/\/mb-maquinaria.com\/wp-content\/uploads\/2024\/05\/Banner-INTRANET-Aniversario.png","width":900,"height":200},{"@type":"BreadcrumbList","@id":"https:\/\/mb-maquinaria.com\/fr\/10th-anniversary-of-mb-a-journey-of-10-magnificent-years\/#breadcrumb","itemListElement":[{"@type":"ListItem","position":1,"name":"Portada","item":"https:\/\/mb-maquinaria.com\/fr\/boceto-home\/"},{"@type":"ListItem","position":2,"name":"10\u00e8me Anniversaire de MB : Une D\u00e9cennie Magnifique"}]},{"@type":"WebSite","@id":"https:\/\/mb-maquinaria.com\/fr\/#website","url":"https:\/\/mb-maquinaria.com\/fr\/","name":"MB","description":"Central de Compras y Servicios Europea especializada en maquinaria para el manejo de materiales.","alternateName":"MB-Maquinaria","potentialAction":[{"@type":"SearchAction","target":{"@type":"EntryPoint","urlTemplate":"https:\/\/mb-maquinaria.com\/fr\/?s={search_term_string}"},"query-input":{"@type":"PropertyValueSpecification","valueRequired":true,"valueName":"search_term_string"}}],"inLanguage":"fr-FR"},{"@type":"Person","@id":"https:\/\/mb-maquinaria.com\/fr\/#\/schema\/person\/2a7e1d03531cd6567602bb7011b02dee","name":"MB Forklift","image":{"@type":"ImageObject","inLanguage":"fr-FR","@id":"https:\/\/secure.gravatar.com\/avatar\/816c5c4820fae8f743e605bbcb4372e40b8df3b7da37411f843d72590e396fc2?s=96&d=mm&r=g","url":"https:\/\/secure.gravatar.com\/avatar\/816c5c4820fae8f743e605bbcb4372e40b8df3b7da37411f843d72590e396fc2?s=96&d=mm&r=g","contentUrl":"https:\/\/secure.gravatar.com\/avatar\/816c5c4820fae8f743e605bbcb4372e40b8df3b7da37411f843d72590e396fc2?s=96&d=mm&r=g","caption":"MB Forklift"},"url":"https:\/\/mb-maquinaria.com\/fr\/author\/amaiadeesteban\/"}]}},"_links":{"self":[{"href":"https:\/\/mb-maquinaria.com\/fr\/wp-json\/wp\/v2\/posts\/5871","targetHints":{"allow":["GET"]}}],"collection":[{"href":"https:\/\/mb-maquinaria.com\/fr\/wp-json\/wp\/v2\/posts"}],"about":[{"href":"https:\/\/mb-maquinaria.com\/fr\/wp-json\/wp\/v2\/types\/post"}],"author":[{"embeddable":true,"href":"https:\/\/mb-maquinaria.com\/fr\/wp-json\/wp\/v2\/users\/3"}],"replies":[{"embeddable":true,"href":"https:\/\/mb-maquinaria.com\/fr\/wp-json\/wp\/v2\/comments?post=5871"}],"version-history":[{"count":2,"href":"https:\/\/mb-maquinaria.com\/fr\/wp-json\/wp\/v2\/posts\/5871\/revisions"}],"predecessor-version":[{"id":5874,"href":"https:\/\/mb-maquinaria.com\/fr\/wp-json\/wp\/v2\/posts\/5871\/revisions\/5874"}],"wp:featuredmedia":[{"embeddable":true,"href":"https:\/\/mb-maquinaria.com\/fr\/wp-json\/wp\/v2\/media\/5861"}],"wp:attachment":[{"href":"https:\/\/mb-maquinaria.com\/fr\/wp-json\/wp\/v2\/media?parent=5871"}],"wp:term":[{"taxonomy":"category","embeddable":true,"href":"https:\/\/mb-maquinaria.com\/fr\/wp-json\/wp\/v2\/categories?post=5871"},{"taxonomy":"post_tag","embeddable":true,"href":"https:\/\/mb-maquinaria.com\/fr\/wp-json\/wp\/v2\/tags?post=5871"}],"curies":[{"name":"wp","href":"https:\/\/api.w.org\/{rel}","templated":true}]}}