{"id":5875,"date":"2024-05-30T10:07:34","date_gmt":"2024-05-30T09:07:34","guid":{"rendered":"https:\/\/mb-maquinaria.com\/?p=5875"},"modified":"2024-05-30T10:07:34","modified_gmt":"2024-05-30T09:07:34","slug":"10o-anniversario-di-mb-un-decennio-magnifico","status":"publish","type":"post","link":"https:\/\/mb-maquinaria.com\/it\/10o-anniversario-di-mb-un-decennio-magnifico\/","title":{"rendered":"10\u00ba Anniversario di MB: Un Decennio Magnifico"},"content":{"rendered":"<p>Nel competitivo mondo delle macchine, raggiungere un decennio di eccellenza \u00e8 un traguardo significativo. MB celebra il suo 10\u00ba anniversario, una decade contrassegnata dalla qualit\u00e0, dall&#8217;innovazione e dalla fiducia. In questo articolo, esploriamo l&#8217;evoluzione di MB, un marchio che ha conquistato il mercato grazie alla visione e all&#8217;impegno di \u00c1tica Redex.<\/p>\n<p><strong>La Nascita di un&#8217;Idea<\/strong><\/p>\n<p>Dieci anni fa, in un lampo di creativit\u00e0 e visione, \u00e8 nata MB Forklift (recentemente rinominata MB Maquinaria, che comprende una gamma pi\u00f9 ampia di settori e prodotti). Fin dall&#8217;inizio, MB si \u00e8 distinta come un marchio &#8220;white label&#8221; che rappresenta l&#8217;eccellenza e l&#8217;impegno. Con il supporto di \u00c1tica Redex, una Centrale di Acquisti e Servizi (CSS) specializzata in macchine, MB \u00e8 cresciuta diventando un simbolo di qualit\u00e0 nel settore.<\/p>\n<p>Durante questi dieci anni, MB ha venduto pi\u00f9 di 6.500 unit\u00e0. Ognuna di queste unit\u00e0 rappresenta non solo prodotti di alta qualit\u00e0, ma anche lo sforzo e la dedizione di un team impegnato nell&#8217;eccellenza. Ogni macchina venduta porta con s\u00e9 l&#8217;eredit\u00e0 di un decennio di sforzi e miglioramenti.<\/p>\n<p><strong>Qualit\u00e0, Impegno e Innovazione<\/strong><\/p>\n<p>L&#8217;essenza di MB risiede nel suo impegno per la qualit\u00e0, assicurando che i clienti ricevano il meglio. Questo impegno incrollabile per la qualit\u00e0 \u00e8 stato fondamentale per guadagnare la fiducia dei clienti e stabilire una solida reputazione nell&#8217;industria.<\/p>\n<p>Nel corso di questi dieci anni, MB non ha mai smesso di innovare. Il marchio ha continuamente introdotto miglioramenti e nuove tecnologie per garantire che i suoi prodotti non solo soddisfino, ma superino le richieste del mercato moderno. Questa dedizione all&#8217;innovazione \u00e8 ci\u00f2 che ha permesso a MB di rimanere all&#8217;avanguardia dell&#8217;industria.<\/p>\n<p><strong>Nuovi Mercati per MB Maquinaria: MB Forklift, MB Platforms, MB Loaders e MB Excavators<\/strong><\/p>\n<p>MB segmenta efficacemente il suo mercato per soddisfare le esigenze dei suoi associati, che sono distributori di macchine. La segmentazione viene effettuata in tre categorie principali:<\/p>\n<ol>\n<li><strong>Movimentazione:<\/strong> prodotti MB Forklift, inclusi carrelli elevatori, sollevatori e transpallet.<\/li>\n<li><strong>Costruzione e Piattaforme:<\/strong> prodotti MB Platforms e MB Loaders, come piattaforme aeree e minipale.<\/li>\n<li><strong>Agricoltura:<\/strong> prodotti MB Excavators, inclusi miniescavatori e forniture agricole.<\/li>\n<\/ol>\n<p><strong>Guardando al Futuro<\/strong><\/p>\n<p>Mentre celebriamo questi dieci magnifici anni, guardiamo al futuro con ottimismo e determinazione. MB e \u00c1tica Redex sono impegnate a continuare a crescere e migliorare, sempre focalizzate sul mantenimento della qualit\u00e0 e della fiducia che le ha distinte fin dal primo giorno. Con nuovi obiettivi e sfide davanti a noi, il viaggio di MB \u00e8 appena iniziato.<\/p>\n<p>Se ti \u00e8 piaciuto questo articolo e vuoi saperne di pi\u00f9 su MB e \u00c1tica Redex, non esitare a visitare il nostro sito web. Condividi questo articolo sui tuoi social network per celebrare con noi questo decennio di successo!<\/p>\n","protected":false},"excerpt":{"rendered":"<p>Nel competitivo mondo delle macchine, raggiungere un decennio di eccellenza \u00e8 un traguardo significativo. MB celebra il suo 10\u00ba anniversario, una decade contrassegnata dalla qualit\u00e0, dall&#8217;innovazione e dalla fiducia. In questo articolo, esploriamo l&#8217;evoluzione di MB, un marchio che ha conquistato il mercato grazie alla visione e all&#8217;impegno di \u00c1tica Redex. La Nascita di un&#8217;Idea [&#8230;]\n","protected":false},"author":3,"featured_media":5862,"comment_status":"closed","ping_status":"open","sticky":false,"template":"","format":"standard","meta":{"footnotes":""},"categories":[469],"tags":[],"class_list":["post-5875","post","type-post","status-publish","format-standard","has-post-thumbnail","hentry","category-non-categorizzato"],"yoast_head":"<!-- This site is optimized with the Yoast SEO plugin v27.2 - https:\/\/yoast.com\/product\/yoast-seo-wordpress\/ -->\n<title>10\u00ba Anniversario di MB: Un Decennio Magnifico | MB Maquinaria<\/title>\n<meta name=\"robots\" content=\"index, follow, max-snippet:-1, max-image-preview:large, max-video-preview:-1\" \/>\n<link rel=\"canonical\" href=\"https:\/\/mb-maquinaria.com\/it\/10o-anniversario-di-mb-un-decennio-magnifico\/\" \/>\n<meta property=\"og:locale\" content=\"it_IT\" \/>\n<meta property=\"og:type\" content=\"article\" \/>\n<meta property=\"og:title\" content=\"10\u00ba Anniversario di MB: Un Decennio Magnifico | MB Maquinaria\" \/>\n<meta property=\"og:description\" content=\"Nel competitivo mondo delle macchine, raggiungere un decennio di eccellenza \u00e8 un traguardo significativo. MB celebra il suo 10\u00ba anniversario, una decade contrassegnata dalla qualit\u00e0, dall&#8217;innovazione e dalla fiducia. In questo articolo, esploriamo l&#8217;evoluzione di MB, un marchio che ha conquistato il mercato grazie alla visione e all&#8217;impegno di \u00c1tica Redex. La Nascita di un&#8217;Idea [...]\" \/>\n<meta property=\"og:url\" content=\"https:\/\/mb-maquinaria.com\/it\/10o-anniversario-di-mb-un-decennio-magnifico\/\" \/>\n<meta property=\"og:site_name\" content=\"MB Maquinaria\" \/>\n<meta property=\"article:published_time\" content=\"2024-05-30T09:07:34+00:00\" \/>\n<meta property=\"og:image\" content=\"https:\/\/mb-maquinaria.com\/wp-content\/uploads\/2024\/05\/Banner-INTRANET-Aniversario.png\" \/>\n\t<meta property=\"og:image:width\" content=\"900\" \/>\n\t<meta property=\"og:image:height\" content=\"200\" \/>\n\t<meta property=\"og:image:type\" content=\"image\/png\" \/>\n<meta name=\"author\" content=\"MB Forklift\" \/>\n<meta name=\"twitter:card\" content=\"summary_large_image\" \/>\n<meta name=\"twitter:label1\" content=\"Scritto da\" \/>\n\t<meta name=\"twitter:data1\" content=\"MB Forklift\" \/>\n\t<meta name=\"twitter:label2\" content=\"Tempo di lettura stimato\" \/>\n\t<meta name=\"twitter:data2\" content=\"2 minuti\" \/>\n<script type=\"application\/ld+json\" class=\"yoast-schema-graph\">{\"@context\":\"https:\/\/schema.org\",\"@graph\":[{\"@type\":\"Article\",\"@id\":\"https:\/\/mb-maquinaria.com\/it\/10o-anniversario-di-mb-un-decennio-magnifico\/#article\",\"isPartOf\":{\"@id\":\"https:\/\/mb-maquinaria.com\/it\/10o-anniversario-di-mb-un-decennio-magnifico\/\"},\"author\":{\"name\":\"MB Forklift\",\"@id\":\"https:\/\/mb-maquinaria.com\/it\/#\/schema\/person\/2a7e1d03531cd6567602bb7011b02dee\"},\"headline\":\"10\u00ba Anniversario di MB: Un Decennio Magnifico\",\"datePublished\":\"2024-05-30T09:07:34+00:00\",\"mainEntityOfPage\":{\"@id\":\"https:\/\/mb-maquinaria.com\/it\/10o-anniversario-di-mb-un-decennio-magnifico\/\"},\"wordCount\":449,\"image\":{\"@id\":\"https:\/\/mb-maquinaria.com\/it\/10o-anniversario-di-mb-un-decennio-magnifico\/#primaryimage\"},\"thumbnailUrl\":\"https:\/\/mb-maquinaria.com\/wp-content\/uploads\/2024\/05\/Banner-INTRANET-Aniversario.png\",\"articleSection\":[\"Non categorizzato\"],\"inLanguage\":\"it-IT\"},{\"@type\":\"WebPage\",\"@id\":\"https:\/\/mb-maquinaria.com\/it\/10o-anniversario-di-mb-un-decennio-magnifico\/\",\"url\":\"https:\/\/mb-maquinaria.com\/it\/10o-anniversario-di-mb-un-decennio-magnifico\/\",\"name\":\"10\u00ba Anniversario di MB: Un Decennio Magnifico | MB Maquinaria\",\"isPartOf\":{\"@id\":\"https:\/\/mb-maquinaria.com\/it\/#website\"},\"primaryImageOfPage\":{\"@id\":\"https:\/\/mb-maquinaria.com\/it\/10o-anniversario-di-mb-un-decennio-magnifico\/#primaryimage\"},\"image\":{\"@id\":\"https:\/\/mb-maquinaria.com\/it\/10o-anniversario-di-mb-un-decennio-magnifico\/#primaryimage\"},\"thumbnailUrl\":\"https:\/\/mb-maquinaria.com\/wp-content\/uploads\/2024\/05\/Banner-INTRANET-Aniversario.png\",\"datePublished\":\"2024-05-30T09:07:34+00:00\",\"author\":{\"@id\":\"https:\/\/mb-maquinaria.com\/it\/#\/schema\/person\/2a7e1d03531cd6567602bb7011b02dee\"},\"breadcrumb\":{\"@id\":\"https:\/\/mb-maquinaria.com\/it\/10o-anniversario-di-mb-un-decennio-magnifico\/#breadcrumb\"},\"inLanguage\":\"it-IT\",\"potentialAction\":[{\"@type\":\"ReadAction\",\"target\":[\"https:\/\/mb-maquinaria.com\/it\/10o-anniversario-di-mb-un-decennio-magnifico\/\"]}]},{\"@type\":\"ImageObject\",\"inLanguage\":\"it-IT\",\"@id\":\"https:\/\/mb-maquinaria.com\/it\/10o-anniversario-di-mb-un-decennio-magnifico\/#primaryimage\",\"url\":\"https:\/\/mb-maquinaria.com\/wp-content\/uploads\/2024\/05\/Banner-INTRANET-Aniversario.png\",\"contentUrl\":\"https:\/\/mb-maquinaria.com\/wp-content\/uploads\/2024\/05\/Banner-INTRANET-Aniversario.png\",\"width\":900,\"height\":200},{\"@type\":\"BreadcrumbList\",\"@id\":\"https:\/\/mb-maquinaria.com\/it\/10o-anniversario-di-mb-un-decennio-magnifico\/#breadcrumb\",\"itemListElement\":[{\"@type\":\"ListItem\",\"position\":1,\"name\":\"Portada\",\"item\":\"https:\/\/mb-maquinaria.com\/it\/202109_home\/\"},{\"@type\":\"ListItem\",\"position\":2,\"name\":\"10\u00ba Anniversario di MB: Un Decennio Magnifico\"}]},{\"@type\":\"WebSite\",\"@id\":\"https:\/\/mb-maquinaria.com\/it\/#website\",\"url\":\"https:\/\/mb-maquinaria.com\/it\/\",\"name\":\"MB\",\"description\":\"Central de Compras y Servicios Europea especializada en maquinaria para el manejo de materiales.\",\"alternateName\":\"MB-Maquinaria\",\"potentialAction\":[{\"@type\":\"SearchAction\",\"target\":{\"@type\":\"EntryPoint\",\"urlTemplate\":\"https:\/\/mb-maquinaria.com\/it\/?s={search_term_string}\"},\"query-input\":{\"@type\":\"PropertyValueSpecification\",\"valueRequired\":true,\"valueName\":\"search_term_string\"}}],\"inLanguage\":\"it-IT\"},{\"@type\":\"Person\",\"@id\":\"https:\/\/mb-maquinaria.com\/it\/#\/schema\/person\/2a7e1d03531cd6567602bb7011b02dee\",\"name\":\"MB Forklift\",\"image\":{\"@type\":\"ImageObject\",\"inLanguage\":\"it-IT\",\"@id\":\"https:\/\/secure.gravatar.com\/avatar\/816c5c4820fae8f743e605bbcb4372e40b8df3b7da37411f843d72590e396fc2?s=96&d=mm&r=g\",\"url\":\"https:\/\/secure.gravatar.com\/avatar\/816c5c4820fae8f743e605bbcb4372e40b8df3b7da37411f843d72590e396fc2?s=96&d=mm&r=g\",\"contentUrl\":\"https:\/\/secure.gravatar.com\/avatar\/816c5c4820fae8f743e605bbcb4372e40b8df3b7da37411f843d72590e396fc2?s=96&d=mm&r=g\",\"caption\":\"MB Forklift\"},\"url\":\"https:\/\/mb-maquinaria.com\/it\/author\/amaiadeesteban\/\"}]}<\/script>\n<!-- \/ Yoast SEO plugin. -->","yoast_head_json":{"title":"10\u00ba Anniversario di MB: Un Decennio Magnifico | MB Maquinaria","robots":{"index":"index","follow":"follow","max-snippet":"max-snippet:-1","max-image-preview":"max-image-preview:large","max-video-preview":"max-video-preview:-1"},"canonical":"https:\/\/mb-maquinaria.com\/it\/10o-anniversario-di-mb-un-decennio-magnifico\/","og_locale":"it_IT","og_type":"article","og_title":"10\u00ba Anniversario di MB: Un Decennio Magnifico | MB Maquinaria","og_description":"Nel competitivo mondo delle macchine, raggiungere un decennio di eccellenza \u00e8 un traguardo significativo. MB celebra il suo 10\u00ba anniversario, una decade contrassegnata dalla qualit\u00e0, dall&#8217;innovazione e dalla fiducia. In questo articolo, esploriamo l&#8217;evoluzione di MB, un marchio che ha conquistato il mercato grazie alla visione e all&#8217;impegno di \u00c1tica Redex. La Nascita di un&#8217;Idea [...]","og_url":"https:\/\/mb-maquinaria.com\/it\/10o-anniversario-di-mb-un-decennio-magnifico\/","og_site_name":"MB Maquinaria","article_published_time":"2024-05-30T09:07:34+00:00","og_image":[{"width":900,"height":200,"url":"https:\/\/mb-maquinaria.com\/wp-content\/uploads\/2024\/05\/Banner-INTRANET-Aniversario.png","type":"image\/png"}],"author":"MB Forklift","twitter_card":"summary_large_image","twitter_misc":{"Scritto da":"MB Forklift","Tempo di lettura stimato":"2 minuti"},"schema":{"@context":"https:\/\/schema.org","@graph":[{"@type":"Article","@id":"https:\/\/mb-maquinaria.com\/it\/10o-anniversario-di-mb-un-decennio-magnifico\/#article","isPartOf":{"@id":"https:\/\/mb-maquinaria.com\/it\/10o-anniversario-di-mb-un-decennio-magnifico\/"},"author":{"name":"MB Forklift","@id":"https:\/\/mb-maquinaria.com\/it\/#\/schema\/person\/2a7e1d03531cd6567602bb7011b02dee"},"headline":"10\u00ba Anniversario di MB: Un Decennio Magnifico","datePublished":"2024-05-30T09:07:34+00:00","mainEntityOfPage":{"@id":"https:\/\/mb-maquinaria.com\/it\/10o-anniversario-di-mb-un-decennio-magnifico\/"},"wordCount":449,"image":{"@id":"https:\/\/mb-maquinaria.com\/it\/10o-anniversario-di-mb-un-decennio-magnifico\/#primaryimage"},"thumbnailUrl":"https:\/\/mb-maquinaria.com\/wp-content\/uploads\/2024\/05\/Banner-INTRANET-Aniversario.png","articleSection":["Non categorizzato"],"inLanguage":"it-IT"},{"@type":"WebPage","@id":"https:\/\/mb-maquinaria.com\/it\/10o-anniversario-di-mb-un-decennio-magnifico\/","url":"https:\/\/mb-maquinaria.com\/it\/10o-anniversario-di-mb-un-decennio-magnifico\/","name":"10\u00ba Anniversario di MB: Un Decennio Magnifico | MB Maquinaria","isPartOf":{"@id":"https:\/\/mb-maquinaria.com\/it\/#website"},"primaryImageOfPage":{"@id":"https:\/\/mb-maquinaria.com\/it\/10o-anniversario-di-mb-un-decennio-magnifico\/#primaryimage"},"image":{"@id":"https:\/\/mb-maquinaria.com\/it\/10o-anniversario-di-mb-un-decennio-magnifico\/#primaryimage"},"thumbnailUrl":"https:\/\/mb-maquinaria.com\/wp-content\/uploads\/2024\/05\/Banner-INTRANET-Aniversario.png","datePublished":"2024-05-30T09:07:34+00:00","author":{"@id":"https:\/\/mb-maquinaria.com\/it\/#\/schema\/person\/2a7e1d03531cd6567602bb7011b02dee"},"breadcrumb":{"@id":"https:\/\/mb-maquinaria.com\/it\/10o-anniversario-di-mb-un-decennio-magnifico\/#breadcrumb"},"inLanguage":"it-IT","potentialAction":[{"@type":"ReadAction","target":["https:\/\/mb-maquinaria.com\/it\/10o-anniversario-di-mb-un-decennio-magnifico\/"]}]},{"@type":"ImageObject","inLanguage":"it-IT","@id":"https:\/\/mb-maquinaria.com\/it\/10o-anniversario-di-mb-un-decennio-magnifico\/#primaryimage","url":"https:\/\/mb-maquinaria.com\/wp-content\/uploads\/2024\/05\/Banner-INTRANET-Aniversario.png","contentUrl":"https:\/\/mb-maquinaria.com\/wp-content\/uploads\/2024\/05\/Banner-INTRANET-Aniversario.png","width":900,"height":200},{"@type":"BreadcrumbList","@id":"https:\/\/mb-maquinaria.com\/it\/10o-anniversario-di-mb-un-decennio-magnifico\/#breadcrumb","itemListElement":[{"@type":"ListItem","position":1,"name":"Portada","item":"https:\/\/mb-maquinaria.com\/it\/202109_home\/"},{"@type":"ListItem","position":2,"name":"10\u00ba Anniversario di MB: Un Decennio Magnifico"}]},{"@type":"WebSite","@id":"https:\/\/mb-maquinaria.com\/it\/#website","url":"https:\/\/mb-maquinaria.com\/it\/","name":"MB","description":"Central de Compras y Servicios Europea especializada en maquinaria para el manejo de materiales.","alternateName":"MB-Maquinaria","potentialAction":[{"@type":"SearchAction","target":{"@type":"EntryPoint","urlTemplate":"https:\/\/mb-maquinaria.com\/it\/?s={search_term_string}"},"query-input":{"@type":"PropertyValueSpecification","valueRequired":true,"valueName":"search_term_string"}}],"inLanguage":"it-IT"},{"@type":"Person","@id":"https:\/\/mb-maquinaria.com\/it\/#\/schema\/person\/2a7e1d03531cd6567602bb7011b02dee","name":"MB Forklift","image":{"@type":"ImageObject","inLanguage":"it-IT","@id":"https:\/\/secure.gravatar.com\/avatar\/816c5c4820fae8f743e605bbcb4372e40b8df3b7da37411f843d72590e396fc2?s=96&d=mm&r=g","url":"https:\/\/secure.gravatar.com\/avatar\/816c5c4820fae8f743e605bbcb4372e40b8df3b7da37411f843d72590e396fc2?s=96&d=mm&r=g","contentUrl":"https:\/\/secure.gravatar.com\/avatar\/816c5c4820fae8f743e605bbcb4372e40b8df3b7da37411f843d72590e396fc2?s=96&d=mm&r=g","caption":"MB Forklift"},"url":"https:\/\/mb-maquinaria.com\/it\/author\/amaiadeesteban\/"}]}},"_links":{"self":[{"href":"https:\/\/mb-maquinaria.com\/it\/wp-json\/wp\/v2\/posts\/5875","targetHints":{"allow":["GET"]}}],"collection":[{"href":"https:\/\/mb-maquinaria.com\/it\/wp-json\/wp\/v2\/posts"}],"about":[{"href":"https:\/\/mb-maquinaria.com\/it\/wp-json\/wp\/v2\/types\/post"}],"author":[{"embeddable":true,"href":"https:\/\/mb-maquinaria.com\/it\/wp-json\/wp\/v2\/users\/3"}],"replies":[{"embeddable":true,"href":"https:\/\/mb-maquinaria.com\/it\/wp-json\/wp\/v2\/comments?post=5875"}],"version-history":[{"count":1,"href":"https:\/\/mb-maquinaria.com\/it\/wp-json\/wp\/v2\/posts\/5875\/revisions"}],"predecessor-version":[{"id":5876,"href":"https:\/\/mb-maquinaria.com\/it\/wp-json\/wp\/v2\/posts\/5875\/revisions\/5876"}],"wp:featuredmedia":[{"embeddable":true,"href":"https:\/\/mb-maquinaria.com\/it\/wp-json\/wp\/v2\/media\/5862"}],"wp:attachment":[{"href":"https:\/\/mb-maquinaria.com\/it\/wp-json\/wp\/v2\/media?parent=5875"}],"wp:term":[{"taxonomy":"category","embeddable":true,"href":"https:\/\/mb-maquinaria.com\/it\/wp-json\/wp\/v2\/categories?post=5875"},{"taxonomy":"post_tag","embeddable":true,"href":"https:\/\/mb-maquinaria.com\/it\/wp-json\/wp\/v2\/tags?post=5875"}],"curies":[{"name":"wp","href":"https:\/\/api.w.org\/{rel}","templated":true}]}}